{"id":686,"count":9,"description":"Estigues al dia amb el que est\u00e0 passant a l'\u00e0mbit educatiu: a partir d'ara, totes les publicacions del blog podran trobar-se al <a href=\"https:\/\/www.7education.com\/es-ca\/blog\" target=\"_blank\" rel=\"noopener\">Blog de Seven Education<\/a>. All\u00e0 trobar\u00e0s consells pr\u00e0ctics per al teu treball educatiu del dia a dia i perspectives interessants sobre temes actuals, com la IA a l'educaci\u00f3 digital.","link":"https:\/\/educamos.com\/ca\/blog-ca\/","name":"Blog","slug":"blog-ca","taxonomy":"category","parent":0,"meta":[],"acf":[],"yoast_head":"<!-- This site is optimized with the Yoast SEO plugin v27.0 - https:\/\/yoast.com\/product\/yoast-seo-wordpress\/ -->\n<title>Blog | Educamos<\/title>\n<meta name=\"description\" content=\"Estigues al dia de tot el que passa a l&#039;\u00e0mbit educatiu. A partir d&#039;ara, totes les publicacions del blog d&#039;Educamos les podr\u00e0s trobar al Blog de Seven Education. All\u00e0 trobareu consells pr\u00e0ctics per al vostre treball educatiu del dia a dia i perspectives interessants sobre temes actuals, com l&#039;educaci\u00f3 digital, la intel\u00b7lig\u00e8ncia artificial, etc.\" \/>\n<meta name=\"robots\" content=\"index, follow, max-snippet:-1, max-image-preview:large, max-video-preview:-1\" \/>\n<link rel=\"canonical\" href=\"https:\/\/educamos.com\/ca\/blog-ca\/\" \/>\n<meta property=\"og:locale\" content=\"ca_ES\" \/>\n<meta property=\"og:type\" content=\"article\" \/>\n<meta property=\"og:title\" content=\"Blog | Educamos\" \/>\n<meta property=\"og:description\" content=\"Estigues al dia de tot el que passa a l&#039;\u00e0mbit educatiu. A partir d&#039;ara, totes les publicacions del blog d&#039;Educamos les podr\u00e0s trobar al Blog de Seven Education. All\u00e0 trobareu consells pr\u00e0ctics per al vostre treball educatiu del dia a dia i perspectives interessants sobre temes actuals, com l&#039;educaci\u00f3 digital, la intel\u00b7lig\u00e8ncia artificial, etc.\" \/>\n<meta property=\"og:url\" content=\"https:\/\/educamos.com\/ca\/blog-ca\/\" \/>\n<meta property=\"og:site_name\" content=\"Educamos\" \/>\n<meta property=\"og:image\" content=\"https:\/\/educamos.com\/wp-content\/uploads\/2026\/03\/rrss-generica-logo2026.png\" \/>\n\t<meta property=\"og:image:width\" content=\"1200\" \/>\n\t<meta property=\"og:image:height\" content=\"600\" \/>\n\t<meta property=\"og:image:type\" content=\"image\/png\" \/>\n<meta name=\"twitter:card\" content=\"summary_large_image\" \/>\n<script type=\"application\/ld+json\" class=\"yoast-schema-graph\">{\"@context\":\"https:\/\/schema.org\",\"@graph\":[{\"@type\":\"CollectionPage\",\"@id\":\"https:\/\/educamos.com\/ca\/blog-ca\/\",\"url\":\"https:\/\/educamos.com\/ca\/blog-ca\/\",\"name\":\"Blog | Educamos\",\"isPartOf\":{\"@id\":\"https:\/\/educamos.com\/ca\/#website\"},\"description\":\"Estigues al dia de tot el que passa a l'\u00e0mbit educatiu. A partir d'ara, totes les publicacions del blog d'Educamos les podr\u00e0s trobar al Blog de Seven Education. All\u00e0 trobareu consells pr\u00e0ctics per al vostre treball educatiu del dia a dia i perspectives interessants sobre temes actuals, com l'educaci\u00f3 digital, la intel\u00b7lig\u00e8ncia artificial, etc.\",\"breadcrumb\":{\"@id\":\"https:\/\/educamos.com\/ca\/blog-ca\/#breadcrumb\"},\"inLanguage\":\"ca\"},{\"@type\":\"BreadcrumbList\",\"@id\":\"https:\/\/educamos.com\/ca\/blog-ca\/#breadcrumb\",\"itemListElement\":[{\"@type\":\"ListItem\",\"position\":1,\"name\":\"Inici\",\"item\":\"https:\/\/educamos.com\/ca\/\"},{\"@type\":\"ListItem\",\"position\":2,\"name\":\"Blog\"}]},{\"@type\":\"WebSite\",\"@id\":\"https:\/\/educamos.com\/ca\/#website\",\"url\":\"https:\/\/educamos.com\/ca\/\",\"name\":\"Educamos\",\"description\":\"La escuela de hoy\",\"potentialAction\":[{\"@type\":\"SearchAction\",\"target\":{\"@type\":\"EntryPoint\",\"urlTemplate\":\"https:\/\/educamos.com\/ca\/?s={search_term_string}\"},\"query-input\":{\"@type\":\"PropertyValueSpecification\",\"valueRequired\":true,\"valueName\":\"search_term_string\"}}],\"inLanguage\":\"ca\"}]}<\/script>\n<!-- \/ Yoast SEO plugin. -->","yoast_head_json":{"title":"Blog | Educamos","description":"Estigues al dia de tot el que passa a l'\u00e0mbit educatiu. A partir d'ara, totes les publicacions del blog d'Educamos les podr\u00e0s trobar al Blog de Seven Education. All\u00e0 trobareu consells pr\u00e0ctics per al vostre treball educatiu del dia a dia i perspectives interessants sobre temes actuals, com l'educaci\u00f3 digital, la intel\u00b7lig\u00e8ncia artificial, etc.","robots":{"index":"index","follow":"follow","max-snippet":"max-snippet:-1","max-image-preview":"max-image-preview:large","max-video-preview":"max-video-preview:-1"},"canonical":"https:\/\/educamos.com\/ca\/blog-ca\/","og_locale":"ca_ES","og_type":"article","og_title":"Blog | Educamos","og_description":"Estigues al dia de tot el que passa a l'\u00e0mbit educatiu. A partir d'ara, totes les publicacions del blog d'Educamos les podr\u00e0s trobar al Blog de Seven Education. All\u00e0 trobareu consells pr\u00e0ctics per al vostre treball educatiu del dia a dia i perspectives interessants sobre temes actuals, com l'educaci\u00f3 digital, la intel\u00b7lig\u00e8ncia artificial, etc.","og_url":"https:\/\/educamos.com\/ca\/blog-ca\/","og_site_name":"Educamos","og_image":[{"width":1200,"height":600,"url":"https:\/\/educamos.com\/wp-content\/uploads\/2026\/03\/rrss-generica-logo2026.png","type":"image\/png"}],"twitter_card":"summary_large_image","schema":{"@context":"https:\/\/schema.org","@graph":[{"@type":"CollectionPage","@id":"https:\/\/educamos.com\/ca\/blog-ca\/","url":"https:\/\/educamos.com\/ca\/blog-ca\/","name":"Blog | Educamos","isPartOf":{"@id":"https:\/\/educamos.com\/ca\/#website"},"description":"Estigues al dia de tot el que passa a l'\u00e0mbit educatiu. A partir d'ara, totes les publicacions del blog d'Educamos les podr\u00e0s trobar al Blog de Seven Education. All\u00e0 trobareu consells pr\u00e0ctics per al vostre treball educatiu del dia a dia i perspectives interessants sobre temes actuals, com l'educaci\u00f3 digital, la intel\u00b7lig\u00e8ncia artificial, etc.","breadcrumb":{"@id":"https:\/\/educamos.com\/ca\/blog-ca\/#breadcrumb"},"inLanguage":"ca"},{"@type":"BreadcrumbList","@id":"https:\/\/educamos.com\/ca\/blog-ca\/#breadcrumb","itemListElement":[{"@type":"ListItem","position":1,"name":"Inici","item":"https:\/\/educamos.com\/ca\/"},{"@type":"ListItem","position":2,"name":"Blog"}]},{"@type":"WebSite","@id":"https:\/\/educamos.com\/ca\/#website","url":"https:\/\/educamos.com\/ca\/","name":"Educamos","description":"La escuela de hoy","potentialAction":[{"@type":"SearchAction","target":{"@type":"EntryPoint","urlTemplate":"https:\/\/educamos.com\/ca\/?s={search_term_string}"},"query-input":{"@type":"PropertyValueSpecification","valueRequired":true,"valueName":"search_term_string"}}],"inLanguage":"ca"}]}},"_links":{"self":[{"href":"https:\/\/educamos.com\/ca\/wp-json\/wp\/v2\/categories\/686","targetHints":{"allow":["GET"]}}],"collection":[{"href":"https:\/\/educamos.com\/ca\/wp-json\/wp\/v2\/categories"}],"about":[{"href":"https:\/\/educamos.com\/ca\/wp-json\/wp\/v2\/taxonomies\/category"}],"wp:post_type":[{"href":"https:\/\/educamos.com\/ca\/wp-json\/wp\/v2\/posts?categories=686"}],"curies":[{"name":"wp","href":"https:\/\/api.w.org\/{rel}","templated":true}]}}