{"id":21523,"date":"2024-06-19T09:05:47","date_gmt":"2024-06-19T08:05:47","guid":{"rendered":"https:\/\/educamos.com\/sin-categorizar\/importancia-comunicacion-escuela-profesorado-familias-y-alumnado\/"},"modified":"2025-02-04T12:36:13","modified_gmt":"2025-02-04T11:36:13","slug":"importancia-comunicacio-escoles-mestres-families-i-alumnes","status":"publish","type":"post","link":"https:\/\/educamos.com\/ca\/blog-ca\/importancia-comunicacio-escoles-mestres-families-i-alumnes\/","title":{"rendered":"La Import\u00e0ncia de la Comunicaci\u00f3 a les Escoles: Mestres, Fam\u00edlies i Alumnes\u00a0"},"content":{"rendered":"\t\t<div data-elementor-type=\"wp-post\" data-elementor-id=\"21523\" class=\"elementor elementor-21523 elementor-17757\" data-elementor-post-type=\"post\">\n\t\t\t\t\t\t<section class=\"elementor-section elementor-top-section elementor-element elementor-element-61072d4 elementor-section-boxed elementor-section-height-default elementor-section-height-default\" data-id=\"61072d4\" data-element_type=\"section\" data-e-type=\"section\">\n\t\t\t\t\t\t<div class=\"elementor-container elementor-column-gap-default\">\n\t\t\t\t\t<div class=\"elementor-column elementor-col-100 elementor-top-column elementor-element elementor-element-ea0dcc3\" data-id=\"ea0dcc3\" data-element_type=\"column\" data-e-type=\"column\">\n\t\t\t<div class=\"elementor-widget-wrap elementor-element-populated\">\n\t\t\t\t\t\t<div class=\"elementor-element elementor-element-5086c58 elementor-widget elementor-widget-bloque-texto\" data-id=\"5086c58\" data-element_type=\"widget\" data-e-type=\"widget\" data-widget_type=\"bloque-texto.default\">\n\t\t\t\t<div class=\"elementor-widget-container\">\n\t\t\t\t\t        <!-- Texto a 2 columnas-->\n        <section class=\"bloque bloque-texto \">\n            <div class=\"container\">\n                                <div class=\"estrecho2\">\n                    <div class=\"row\">\n                        <div class=\"col-sm-12\">\n                            <div class=\"the_content\" data-aos=\"fade-up\" data-aos-duration=\"700\">\n                                <p><span class=\"TextRun SCXW140480358 BCX0\" lang=\"ES-CL\" xml:lang=\"ES-CL\" data-contrast=\"auto\"><span class=\"NormalTextRun SCXW140480358 BCX0\">La <\/span><span class=\"NormalTextRun SpellingErrorV2Themed SCXW140480358 BCX0\">comunicaci\u00f3<\/span> <span class=\"NormalTextRun SpellingErrorV2Themed SCXW140480358 BCX0\">\u00e9s<\/span><span class=\"NormalTextRun SCXW140480358 BCX0\"> una <\/span><span class=\"NormalTextRun SpellingErrorV2Themed SCXW140480358 BCX0\">eina<\/span> <span class=\"NormalTextRun SpellingErrorV2Themed SCXW140480358 BCX0\">fonamental<\/span><span class=\"NormalTextRun SCXW140480358 BCX0\"> en <\/span><span class=\"NormalTextRun SpellingErrorV2Themed SCXW140480358 BCX0\">qualsevol<\/span> <span class=\"NormalTextRun SpellingErrorV2Themed SCXW140480358 BCX0\">\u00e0rea<\/span><span class=\"NormalTextRun SCXW140480358 BCX0\"> de la vida, i <\/span><span class=\"NormalTextRun SpellingErrorV2Themed SCXW140480358 BCX0\">l\u2019escola<\/span><span class=\"NormalTextRun SCXW140480358 BCX0\"> no <\/span><span class=\"NormalTextRun SpellingErrorV2Themed SCXW140480358 BCX0\">n\u2019\u00e9s<\/span><span class=\"NormalTextRun SCXW140480358 BCX0\"> una <\/span><span class=\"NormalTextRun SpellingErrorV2Themed SCXW140480358 BCX0\">excepci\u00f3<\/span><span class=\"NormalTextRun SCXW140480358 BCX0\">. Per <\/span><span class=\"NormalTextRun SpellingErrorV2Themed SCXW140480358 BCX0\">als<\/span> <span class=\"NormalTextRun SpellingErrorV2Themed SCXW140480358 BCX0\">mestres<\/span><span class=\"NormalTextRun SCXW140480358 BCX0\">, establir <\/span><span class=\"NormalTextRun SpellingErrorV2Themed SCXW140480358 BCX0\">canals<\/span><span class=\"NormalTextRun SCXW140480358 BCX0\"> de <\/span><span class=\"NormalTextRun SpellingErrorV2Themed SCXW140480358 BCX0\">comunicaci\u00f3<\/span> <span class=\"NormalTextRun SpellingErrorV2Themed SCXW140480358 BCX0\">efectius<\/span> <span class=\"NormalTextRun SpellingErrorV2Themed SCXW140480358 BCX0\">amb<\/span> <span class=\"NormalTextRun SpellingErrorV2Themed SCXW140480358 BCX0\">els<\/span><span class=\"NormalTextRun SCXW140480358 BCX0\"> alumnes i les <\/span><span class=\"NormalTextRun SpellingErrorV2Themed SCXW140480358 BCX0\">seves<\/span> <span class=\"NormalTextRun SpellingErrorV2Themed SCXW140480358 BCX0\">fam\u00edlies<\/span> <span class=\"NormalTextRun SpellingErrorV2Themed SCXW140480358 BCX0\">\u00e9s<\/span> <span class=\"NormalTextRun SpellingErrorV2Themed SCXW140480358 BCX0\">essencial<\/span><span class=\"NormalTextRun SCXW140480358 BCX0\"> per fomentar un <\/span><span class=\"NormalTextRun SpellingErrorV2Themed SCXW140480358 BCX0\">entorn<\/span> <span class=\"NormalTextRun SpellingErrorV2Themed SCXW140480358 BCX0\">educatiu<\/span> <span class=\"NormalTextRun SpellingErrorV2Themed SCXW140480358 BCX0\">enriquidor<\/span><span class=\"NormalTextRun SCXW140480358 BCX0\"> i <\/span><span class=\"NormalTextRun SpellingErrorV2Themed SCXW140480358 BCX0\">col\u00b7laboratiu<\/span><span class=\"NormalTextRun SCXW140480358 BCX0\">.<\/span><\/span><span class=\"EOP SCXW140480358 BCX0\" data-ccp-props=\"{}\">\u00a0<\/span><\/p>                            <\/div>\n                        <\/div>\n                    <\/div>\n                <\/div>\n            <\/div>\n        <\/section>\n\t\t\t\t\t\t<\/div>\n\t\t\t\t<\/div>\n\t\t\t\t<div class=\"elementor-element elementor-element-c872e12 elementor-widget elementor-widget-bloque-texto\" data-id=\"c872e12\" data-element_type=\"widget\" data-e-type=\"widget\" data-widget_type=\"bloque-texto.default\">\n\t\t\t\t<div class=\"elementor-widget-container\">\n\t\t\t\t\t        <!-- Texto a 2 columnas-->\n        <section class=\"bloque bloque-texto mb-0\">\n            <div class=\"container\">\n                <h2 class=\"titulos\" data-aos=\"fade-left\" data-aos-duration=\"700\">Per qu\u00e8 \u00e9s Crucial la Comunicaci\u00f3 a l'Escola?<\/h2>                <div class=\"estrecho2\">\n                    <div class=\"row\">\n                        <div class=\"col-sm-12\">\n                            <div class=\"the_content\" data-aos=\"fade-up\" data-aos-duration=\"700\">\n                                <h3><b><span data-contrast=\"auto\">Fomenta la Transpar\u00e8ncia i la Confian\u00e7a<\/span><\/b>\u00a0<\/h3><p><span data-contrast=\"auto\">Una comunicaci\u00f3 oberta i honesta construeix confian\u00e7a entre mestres, alumnes i fam\u00edlies. La transpar\u00e8ncia sobre els objectius educatius, el progr\u00e9s dels alumnes i les expectatives m\u00fatues crea una base s\u00f2lida per a l\u2019\u00e8xit acad\u00e8mic i personal.<\/span><span data-ccp-props=\"{}\">\u00a0<\/span><\/p><h3><b><span data-contrast=\"auto\">Millora el Rendiment Acad\u00e8mic<\/span><\/b>\u00a0<\/h3><p><span data-contrast=\"auto\">L\u2019intercanvi regular d\u2019informaci\u00f3 permet als mestres identificar r\u00e0pidament les \u00e0rees on els alumnes poden tenir dificultats i ajustar les seves estrat\u00e8gies d\u2019ensenyament. Aix\u00f2 no nom\u00e9s millora el rendiment acad\u00e8mic, sin\u00f3 que tamb\u00e9 augmenta la motivaci\u00f3 i l\u2019implicaci\u00f3 dels alumnes.<\/span><span data-ccp-props=\"{}\">\u00a0<\/span><\/p>                            <\/div>\n                        <\/div>\n                    <\/div>\n                <\/div>\n            <\/div>\n        <\/section>\n\t\t\t\t\t\t<\/div>\n\t\t\t\t<\/div>\n\t\t\t\t<div class=\"elementor-element elementor-element-7170842 elementor-widget elementor-widget-bloque-imagen-centrada\" data-id=\"7170842\" data-element_type=\"widget\" data-e-type=\"widget\" data-widget_type=\"bloque-imagen-centrada.default\">\n\t\t\t\t<div class=\"elementor-widget-container\">\n\t\t\t\t\t        <!-- Bloque contenidos: Imagen bloque-imagen-centrada -->\n        <section class=\"bloque bloque-imagen-centrada mb-0\">\n            <div class=\"container\">\n                                                                <div class=\"estrecho3\">\n                    <div class=\"row\">\n                        <div class=\"col-12\">\n                            <figure class=\"figure imagen2\">\n                                <div class=\"image\" data-aos=\"fade-up\" data-aos-delay=\"800\" data-aos-duration=\"1200\"><img decoding=\"async\" src=\"https:\/\/educamos.com\/wp-content\/uploads\/2024\/06\/comunicacio-artboard-2-catala-956x536.png\" class=\"figure-img img-fluid\" alt=\"Facilita la resoluci\u00f3 de problemes Millora el rendiment acad\u00e8mic Promou el suport familiar Fomenta la transpar\u00e8ncia i la confian\u00e7a\"><\/div>\n                                                            <\/figure>\n                        <\/div>\n                    <\/div>\n                <\/div>\n            <\/div>\n                    <\/section>\n\n\t\t\t\t\t\t<\/div>\n\t\t\t\t<\/div>\n\t\t\t\t<div class=\"elementor-element elementor-element-3c305fc elementor-widget elementor-widget-bloque-texto\" data-id=\"3c305fc\" data-element_type=\"widget\" data-e-type=\"widget\" data-widget_type=\"bloque-texto.default\">\n\t\t\t\t<div class=\"elementor-widget-container\">\n\t\t\t\t\t        <!-- Texto a 2 columnas-->\n        <section class=\"bloque bloque-texto \">\n            <div class=\"container\">\n                                <div class=\"estrecho2\">\n                    <div class=\"row\">\n                        <div class=\"col-sm-12\">\n                            <div class=\"the_content\" data-aos=\"fade-up\" data-aos-duration=\"700\">\n                                <h3><b><span data-contrast=\"auto\">Facilita la Resoluci\u00f3 de Conflictes<\/span><\/b>\u00a0<\/h3><p><span data-contrast=\"auto\">Els conflictes i malentesos s\u00f3n inevitables, per\u00f2 una comunicaci\u00f3 efica\u00e7 pot abordar-los a temps i evitar que es converteixin en problemes m\u00e9s grans. Els mestres que mantenen un di\u00e0leg obert amb els alumnes i les seves fam\u00edlies poden resoldre els conflictes de manera m\u00e9s eficient i constructiva.<\/span><span data-ccp-props=\"{}\">\u00a0<\/span><\/p><h3><b><span data-contrast=\"auto\">Fomenta el Suport Familiar<\/span><\/b>\u00a0<\/h3><p><span data-contrast=\"auto\">Quan els pares estan ben informats sobre el que passa a l\u2019escola, poden donar un millor suport a l\u2019aprenentatge dels seus fills. <\/span><span data-contrast=\"auto\">Aix\u00f2 inclou ajudar amb els deures, participar en activitats escolars i assistir a esdeveniments comunitaris.<\/span><span data-ccp-props=\"{}\">\u00a0<\/span><\/p>                            <\/div>\n                        <\/div>\n                    <\/div>\n                <\/div>\n            <\/div>\n        <\/section>\n\t\t\t\t\t\t<\/div>\n\t\t\t\t<\/div>\n\t\t\t\t<div class=\"elementor-element elementor-element-d7493ea elementor-widget elementor-widget-bloque-texto\" data-id=\"d7493ea\" data-element_type=\"widget\" data-e-type=\"widget\" data-widget_type=\"bloque-texto.default\">\n\t\t\t\t<div class=\"elementor-widget-container\">\n\t\t\t\t\t        <!-- Texto a 2 columnas-->\n        <section class=\"bloque bloque-texto \">\n            <div class=\"container\">\n                <h2 class=\"titulos\" data-aos=\"fade-left\" data-aos-duration=\"700\">Estrat\u00e8gies per Millorar la Comunicaci\u00f3 a la Comunitat Educativa <\/h2>                <div class=\"estrecho2\">\n                    <div class=\"row\">\n                        <div class=\"col-sm-12\">\n                            <div class=\"the_content\" data-aos=\"fade-up\" data-aos-duration=\"700\">\n                                <ol><li><b><span data-contrast=\"auto\">Establir Canals de Comunicaci\u00f3 Clars<\/span><\/b>\u00a0<br \/><span data-contrast=\"auto\">Definir com i quan s\u2019hauran de compartir les informacions importants. Utilitzar una combinaci\u00f3 de reunions regulars, butlletins, correus electr\u00f2nics i plataformes digitals per assegurar que tothom estigui informat.<\/span><span data-ccp-props=\"{}\">\u00a0<\/span><\/li><li><b><span data-contrast=\"auto\">Fer Servir la Tecnologia de Manera Efica\u00e7<\/span><\/b>\u00a0<br \/><span data-contrast=\"auto\">Aprofitant les eines digitals com aplicacions de missatgeria, correus electr\u00f2nics i plataformes en l\u00ednia per a una comunicaci\u00f3 r\u00e0pida i eficient. Aquestes eines ajuden a compartir recursos, enviar recordatoris i rebre retroalimentaci\u00f3 de manera immediata.<\/span><span data-ccp-props=\"{}\">\u00a0<\/span><\/li><li><b><span data-contrast=\"auto\">Fomentar la Comunicaci\u00f3 Bidireccional amb les Fam\u00edlies<\/span><\/b>\u00a0<br \/><span data-contrast=\"auto\">Facilitar no nom\u00e9s la transmissi\u00f3 d\u2019informaci\u00f3, sin\u00f3 tamb\u00e9 l\u2019escolta i la resposta a les necessitats dels alumnes i les seves fam\u00edlies. <\/span><span data-contrast=\"auto\">Crear espais on tothom se senti c\u00f2mode per compartir opinions i suggeriments.<\/span><span data-ccp-props=\"{}\">\u00a0<\/span><\/li><li><b><span data-contrast=\"auto\">Organitzar Reunions Informatives i Tallers<\/span><\/b>\u00a0<br \/><span data-contrast=\"auto\">Organitzar reunions regulars i tallers per actualitzar les fam\u00edlies sobre el progr\u00e9s acad\u00e8mic, noves iniciatives i activitats escolars. <\/span><span data-contrast=\"auto\">Aquests esdeveniments tamb\u00e9 poden oferir estrat\u00e8gies per donar suport a l\u2019educaci\u00f3 a casa.<\/span><span data-ccp-props=\"{}\">\u00a0<\/span><\/li><li><b><span data-contrast=\"auto\">Mantenir un To Positiu i Constructiu<\/span><\/b>\u00a0<br \/><span data-contrast=\"auto\">Assegurar que les comunicacions siguin positives i encoratjadores. Cal recon\u00e8ixer els \u00e8xits i oferir solucions constructives als reptes per fomentar la cooperaci\u00f3 i una percepci\u00f3 positiva entre pares i alumnes.<\/span><span data-ccp-props=\"{}\">\u00a0<\/span><\/li><li><b><span data-contrast=\"auto\">Personalitzar les Interaccions<\/span><\/b>\u00a0<br \/><span data-contrast=\"auto\">Recon\u00e8ixer que cada alumne i fam\u00edlia \u00e9s \u00fanica. Personalitzar les interaccions ajuda a establir relacions m\u00e9s fortes i mostra un comprom\u00eds genu\u00ed amb el benestar i l\u2019\u00e8xit de cada alumne.<\/span><span data-ccp-props=\"{}\">\u00a0<\/span><\/li><\/ol>                            <\/div>\n                        <\/div>\n                    <\/div>\n                <\/div>\n            <\/div>\n        <\/section>\n\t\t\t\t\t\t<\/div>\n\t\t\t\t<\/div>\n\t\t\t\t<div class=\"elementor-element elementor-element-8988e83 elementor-widget elementor-widget-bloque-imagen-centrada\" data-id=\"8988e83\" data-element_type=\"widget\" data-e-type=\"widget\" data-widget_type=\"bloque-imagen-centrada.default\">\n\t\t\t\t<div class=\"elementor-widget-container\">\n\t\t\t\t\t        <!-- Bloque contenidos: Imagen bloque-imagen-centrada -->\n        <section class=\"bloque bloque-imagen-centrada \">\n            <div class=\"container\">\n                                                                <div class=\"estrecho3\">\n                    <div class=\"row\">\n                        <div class=\"col-12\">\n                            <figure class=\"figure imagen2\">\n                                <div class=\"image\" data-aos=\"fade-up\" data-aos-delay=\"800\" data-aos-duration=\"1200\"><img decoding=\"async\" src=\"https:\/\/educamos.com\/wp-content\/uploads\/2024\/06\/AdobeStock_664159692-min-1-956x536.jpeg\" class=\"figure-img img-fluid\" alt=\"\"><\/div>\n                                                            <\/figure>\n                        <\/div>\n                    <\/div>\n                <\/div>\n            <\/div>\n                    <\/section>\n\n\t\t\t\t\t\t<\/div>\n\t\t\t\t<\/div>\n\t\t\t\t<div class=\"elementor-element elementor-element-7c03023 elementor-widget elementor-widget-bloque-texto\" data-id=\"7c03023\" data-element_type=\"widget\" data-e-type=\"widget\" data-widget_type=\"bloque-texto.default\">\n\t\t\t\t<div class=\"elementor-widget-container\">\n\t\t\t\t\t        <!-- Texto a 2 columnas-->\n        <section class=\"bloque bloque-texto \">\n            <div class=\"container\">\n                                <div class=\"estrecho2\">\n                    <div class=\"row\">\n                        <div class=\"col-sm-12\">\n                            <div class=\"the_content\" data-aos=\"fade-up\" data-aos-duration=\"700\">\n                                <p><span data-contrast=\"auto\">Una comunicaci\u00f3 efectiva a les escoles \u00e9s crucial per fomentar un entorn educatiu positiu i productiu. Els mestres i educadors que se centren a millorar les seves habilitats comunicatives i establir canals clars probablement veuran una millora en la implicaci\u00f3 i el rendiment dels alumnes.<\/span><span data-ccp-props=\"{}\">\u00a0<\/span><\/p><ul><li><span data-contrast=\"auto\">Si vols saber m\u00e9s sobre com millorar la comunicaci\u00f3 a la teva escola o necessites consells personalitzats, <a href=\"https:\/\/educamos.com\/ca\/solicita-una-demo\/\" target=\"_blank\" rel=\"noopener\"><strong>no dubtis a contactar amb nosaltres<\/strong><\/a>. <\/span><span data-contrast=\"auto\">Junts podem construir una comunitat educativa m\u00e9s forta i connectada.<\/span><span data-ccp-props=\"{}\">\u00a0<\/span><\/li><\/ul>                            <\/div>\n                        <\/div>\n                    <\/div>\n                <\/div>\n            <\/div>\n        <\/section>\n\t\t\t\t\t\t<\/div>\n\t\t\t\t<\/div>\n\t\t\t\t\t<\/div>\n\t\t<\/div>\n\t\t\t\t\t<\/div>\n\t\t<\/section>\n\t\t\t\t<\/div>\n\t\t","protected":false},"excerpt":{"rendered":"<p>La comunicaci\u00f3 \u00e9s una eina fonamental en qualsevol \u00e0rea de la vida, i l\u2019escola no n\u2019\u00e9s una excepci\u00f3. Per als mestres, establir canals de comunicaci\u00f3 efectius amb els alumnes i les seves fam\u00edlies \u00e9s essencial per fomentar un entorn educatiu enriquidor i col\u00b7laboratiu.\u00a0 Per qu\u00e8 \u00e9s Crucial la Comunicaci\u00f3 a l&#8217;Escola? Fomenta la Transpar\u00e8ncia i [&hellip;]<\/p>\n","protected":false},"author":3,"featured_media":21525,"comment_status":"closed","ping_status":"closed","sticky":false,"template":"","format":"standard","meta":{"_acf_changed":false,"footnotes":""},"categories":[686],"tags":[],"class_list":["post-21523","post","type-post","status-publish","format-standard","has-post-thumbnail","hentry","category-blog-ca"],"acf":[],"yoast_head":"<!-- This site is optimized with the Yoast SEO plugin v27.0 - https:\/\/yoast.com\/product\/yoast-seo-wordpress\/ -->\n<title>La importancia de la comunicaci\u00f3n en la escuela | Educamos<\/title>\n<meta name=\"description\" content=\"Descobriu consells per millorar la comunicaci\u00f3 a l&#039;escola, per fomentar un ambient educatiu enriquidor i col\u00b7laboratiu.\" \/>\n<meta name=\"robots\" content=\"index, follow, max-snippet:-1, max-image-preview:large, max-video-preview:-1\" \/>\n<link rel=\"canonical\" href=\"https:\/\/educamos.com\/ca\/blog-ca\/importancia-comunicacio-escoles-mestres-families-i-alumnes\/\" \/>\n<meta property=\"og:locale\" content=\"ca_ES\" \/>\n<meta property=\"og:type\" content=\"article\" \/>\n<meta property=\"og:title\" content=\"La importancia de la comunicaci\u00f3n en la escuela | Educamos\" \/>\n<meta property=\"og:description\" content=\"Descobriu consells per millorar la comunicaci\u00f3 a l&#039;escola, per fomentar un ambient educatiu enriquidor i col\u00b7laboratiu.\" \/>\n<meta property=\"og:url\" content=\"https:\/\/educamos.com\/ca\/blog-ca\/importancia-comunicacio-escoles-mestres-families-i-alumnes\/\" \/>\n<meta property=\"og:site_name\" content=\"Educamos\" \/>\n<meta property=\"article:published_time\" content=\"2024-06-19T08:05:47+00:00\" \/>\n<meta property=\"article:modified_time\" content=\"2025-02-04T11:36:13+00:00\" \/>\n<meta property=\"og:image\" content=\"https:\/\/educamos.com\/wp-content\/uploads\/2024\/06\/AdobeStock_749794056-min.jpeg\" \/>\n\t<meta property=\"og:image:width\" content=\"1600\" \/>\n\t<meta property=\"og:image:height\" content=\"897\" \/>\n\t<meta property=\"og:image:type\" content=\"image\/jpeg\" \/>\n<meta name=\"author\" content=\"Santiago\" \/>\n<meta name=\"twitter:card\" content=\"summary_large_image\" \/>\n<meta name=\"twitter:label1\" content=\"Escrit per\" \/>\n\t<meta name=\"twitter:data1\" content=\"Santiago\" \/>\n\t<meta name=\"twitter:label2\" content=\"Temps estimat de lectura\" \/>\n\t<meta name=\"twitter:data2\" content=\"4 minuts\" \/>\n<script type=\"application\/ld+json\" class=\"yoast-schema-graph\">{\"@context\":\"https:\/\/schema.org\",\"@graph\":[{\"@type\":\"Article\",\"@id\":\"https:\/\/educamos.com\/ca\/blog-ca\/importancia-comunicacio-escoles-mestres-families-i-alumnes\/#article\",\"isPartOf\":{\"@id\":\"https:\/\/educamos.com\/ca\/blog-ca\/importancia-comunicacio-escoles-mestres-families-i-alumnes\/\"},\"author\":{\"name\":\"Santiago\",\"@id\":\"https:\/\/educamos.com\/ca\/#\/schema\/person\/2dd4a09117ae4187e2a63dbf38a94156\"},\"headline\":\"La Import\u00e0ncia de la Comunicaci\u00f3 a les Escoles: Mestres, Fam\u00edlies i Alumnes\u00a0\",\"datePublished\":\"2024-06-19T08:05:47+00:00\",\"dateModified\":\"2025-02-04T11:36:13+00:00\",\"mainEntityOfPage\":{\"@id\":\"https:\/\/educamos.com\/ca\/blog-ca\/importancia-comunicacio-escoles-mestres-families-i-alumnes\/\"},\"wordCount\":606,\"image\":{\"@id\":\"https:\/\/educamos.com\/ca\/blog-ca\/importancia-comunicacio-escoles-mestres-families-i-alumnes\/#primaryimage\"},\"thumbnailUrl\":\"https:\/\/educamos.com\/wp-content\/uploads\/2024\/06\/AdobeStock_749794056-min.jpeg\",\"articleSection\":[\"Blog\"],\"inLanguage\":\"ca\"},{\"@type\":\"WebPage\",\"@id\":\"https:\/\/educamos.com\/ca\/blog-ca\/importancia-comunicacio-escoles-mestres-families-i-alumnes\/\",\"url\":\"https:\/\/educamos.com\/ca\/blog-ca\/importancia-comunicacio-escoles-mestres-families-i-alumnes\/\",\"name\":\"La importancia de la comunicaci\u00f3n en la escuela | Educamos\",\"isPartOf\":{\"@id\":\"https:\/\/educamos.com\/ca\/#website\"},\"primaryImageOfPage\":{\"@id\":\"https:\/\/educamos.com\/ca\/blog-ca\/importancia-comunicacio-escoles-mestres-families-i-alumnes\/#primaryimage\"},\"image\":{\"@id\":\"https:\/\/educamos.com\/ca\/blog-ca\/importancia-comunicacio-escoles-mestres-families-i-alumnes\/#primaryimage\"},\"thumbnailUrl\":\"https:\/\/educamos.com\/wp-content\/uploads\/2024\/06\/AdobeStock_749794056-min.jpeg\",\"datePublished\":\"2024-06-19T08:05:47+00:00\",\"dateModified\":\"2025-02-04T11:36:13+00:00\",\"author\":{\"@id\":\"https:\/\/educamos.com\/ca\/#\/schema\/person\/2dd4a09117ae4187e2a63dbf38a94156\"},\"description\":\"Descobriu consells per millorar la comunicaci\u00f3 a l'escola, per fomentar un ambient educatiu enriquidor i col\u00b7laboratiu.\",\"breadcrumb\":{\"@id\":\"https:\/\/educamos.com\/ca\/blog-ca\/importancia-comunicacio-escoles-mestres-families-i-alumnes\/#breadcrumb\"},\"inLanguage\":\"ca\",\"potentialAction\":[{\"@type\":\"ReadAction\",\"target\":[\"https:\/\/educamos.com\/ca\/blog-ca\/importancia-comunicacio-escoles-mestres-families-i-alumnes\/\"]}]},{\"@type\":\"ImageObject\",\"inLanguage\":\"ca\",\"@id\":\"https:\/\/educamos.com\/ca\/blog-ca\/importancia-comunicacio-escoles-mestres-families-i-alumnes\/#primaryimage\",\"url\":\"https:\/\/educamos.com\/wp-content\/uploads\/2024\/06\/AdobeStock_749794056-min.jpeg\",\"contentUrl\":\"https:\/\/educamos.com\/wp-content\/uploads\/2024\/06\/AdobeStock_749794056-min.jpeg\",\"width\":1600,\"height\":897},{\"@type\":\"BreadcrumbList\",\"@id\":\"https:\/\/educamos.com\/ca\/blog-ca\/importancia-comunicacio-escoles-mestres-families-i-alumnes\/#breadcrumb\",\"itemListElement\":[{\"@type\":\"ListItem\",\"position\":1,\"name\":\"Inici\",\"item\":\"https:\/\/educamos.com\/ca\/\"},{\"@type\":\"ListItem\",\"position\":2,\"name\":\"La Import\u00e0ncia de la Comunicaci\u00f3 a les Escoles: Mestres, Fam\u00edlies i Alumnes\u00a0\"}]},{\"@type\":\"WebSite\",\"@id\":\"https:\/\/educamos.com\/ca\/#website\",\"url\":\"https:\/\/educamos.com\/ca\/\",\"name\":\"Educamos\",\"description\":\"La escuela de hoy\",\"potentialAction\":[{\"@type\":\"SearchAction\",\"target\":{\"@type\":\"EntryPoint\",\"urlTemplate\":\"https:\/\/educamos.com\/ca\/?s={search_term_string}\"},\"query-input\":{\"@type\":\"PropertyValueSpecification\",\"valueRequired\":true,\"valueName\":\"search_term_string\"}}],\"inLanguage\":\"ca\"},{\"@type\":\"Person\",\"@id\":\"https:\/\/educamos.com\/ca\/#\/schema\/person\/2dd4a09117ae4187e2a63dbf38a94156\",\"name\":\"Santiago\"}]}<\/script>\n<!-- \/ Yoast SEO plugin. -->","yoast_head_json":{"title":"La importancia de la comunicaci\u00f3n en la escuela | Educamos","description":"Descobriu consells per millorar la comunicaci\u00f3 a l'escola, per fomentar un ambient educatiu enriquidor i col\u00b7laboratiu.","robots":{"index":"index","follow":"follow","max-snippet":"max-snippet:-1","max-image-preview":"max-image-preview:large","max-video-preview":"max-video-preview:-1"},"canonical":"https:\/\/educamos.com\/ca\/blog-ca\/importancia-comunicacio-escoles-mestres-families-i-alumnes\/","og_locale":"ca_ES","og_type":"article","og_title":"La importancia de la comunicaci\u00f3n en la escuela | Educamos","og_description":"Descobriu consells per millorar la comunicaci\u00f3 a l'escola, per fomentar un ambient educatiu enriquidor i col\u00b7laboratiu.","og_url":"https:\/\/educamos.com\/ca\/blog-ca\/importancia-comunicacio-escoles-mestres-families-i-alumnes\/","og_site_name":"Educamos","article_published_time":"2024-06-19T08:05:47+00:00","article_modified_time":"2025-02-04T11:36:13+00:00","og_image":[{"width":1600,"height":897,"url":"https:\/\/educamos.com\/wp-content\/uploads\/2024\/06\/AdobeStock_749794056-min.jpeg","type":"image\/jpeg"}],"author":"Santiago","twitter_card":"summary_large_image","twitter_misc":{"Escrit per":"Santiago","Temps estimat de lectura":"4 minuts"},"schema":{"@context":"https:\/\/schema.org","@graph":[{"@type":"Article","@id":"https:\/\/educamos.com\/ca\/blog-ca\/importancia-comunicacio-escoles-mestres-families-i-alumnes\/#article","isPartOf":{"@id":"https:\/\/educamos.com\/ca\/blog-ca\/importancia-comunicacio-escoles-mestres-families-i-alumnes\/"},"author":{"name":"Santiago","@id":"https:\/\/educamos.com\/ca\/#\/schema\/person\/2dd4a09117ae4187e2a63dbf38a94156"},"headline":"La Import\u00e0ncia de la Comunicaci\u00f3 a les Escoles: Mestres, Fam\u00edlies i Alumnes\u00a0","datePublished":"2024-06-19T08:05:47+00:00","dateModified":"2025-02-04T11:36:13+00:00","mainEntityOfPage":{"@id":"https:\/\/educamos.com\/ca\/blog-ca\/importancia-comunicacio-escoles-mestres-families-i-alumnes\/"},"wordCount":606,"image":{"@id":"https:\/\/educamos.com\/ca\/blog-ca\/importancia-comunicacio-escoles-mestres-families-i-alumnes\/#primaryimage"},"thumbnailUrl":"https:\/\/educamos.com\/wp-content\/uploads\/2024\/06\/AdobeStock_749794056-min.jpeg","articleSection":["Blog"],"inLanguage":"ca"},{"@type":"WebPage","@id":"https:\/\/educamos.com\/ca\/blog-ca\/importancia-comunicacio-escoles-mestres-families-i-alumnes\/","url":"https:\/\/educamos.com\/ca\/blog-ca\/importancia-comunicacio-escoles-mestres-families-i-alumnes\/","name":"La importancia de la comunicaci\u00f3n en la escuela | Educamos","isPartOf":{"@id":"https:\/\/educamos.com\/ca\/#website"},"primaryImageOfPage":{"@id":"https:\/\/educamos.com\/ca\/blog-ca\/importancia-comunicacio-escoles-mestres-families-i-alumnes\/#primaryimage"},"image":{"@id":"https:\/\/educamos.com\/ca\/blog-ca\/importancia-comunicacio-escoles-mestres-families-i-alumnes\/#primaryimage"},"thumbnailUrl":"https:\/\/educamos.com\/wp-content\/uploads\/2024\/06\/AdobeStock_749794056-min.jpeg","datePublished":"2024-06-19T08:05:47+00:00","dateModified":"2025-02-04T11:36:13+00:00","author":{"@id":"https:\/\/educamos.com\/ca\/#\/schema\/person\/2dd4a09117ae4187e2a63dbf38a94156"},"description":"Descobriu consells per millorar la comunicaci\u00f3 a l'escola, per fomentar un ambient educatiu enriquidor i col\u00b7laboratiu.","breadcrumb":{"@id":"https:\/\/educamos.com\/ca\/blog-ca\/importancia-comunicacio-escoles-mestres-families-i-alumnes\/#breadcrumb"},"inLanguage":"ca","potentialAction":[{"@type":"ReadAction","target":["https:\/\/educamos.com\/ca\/blog-ca\/importancia-comunicacio-escoles-mestres-families-i-alumnes\/"]}]},{"@type":"ImageObject","inLanguage":"ca","@id":"https:\/\/educamos.com\/ca\/blog-ca\/importancia-comunicacio-escoles-mestres-families-i-alumnes\/#primaryimage","url":"https:\/\/educamos.com\/wp-content\/uploads\/2024\/06\/AdobeStock_749794056-min.jpeg","contentUrl":"https:\/\/educamos.com\/wp-content\/uploads\/2024\/06\/AdobeStock_749794056-min.jpeg","width":1600,"height":897},{"@type":"BreadcrumbList","@id":"https:\/\/educamos.com\/ca\/blog-ca\/importancia-comunicacio-escoles-mestres-families-i-alumnes\/#breadcrumb","itemListElement":[{"@type":"ListItem","position":1,"name":"Inici","item":"https:\/\/educamos.com\/ca\/"},{"@type":"ListItem","position":2,"name":"La Import\u00e0ncia de la Comunicaci\u00f3 a les Escoles: Mestres, Fam\u00edlies i Alumnes\u00a0"}]},{"@type":"WebSite","@id":"https:\/\/educamos.com\/ca\/#website","url":"https:\/\/educamos.com\/ca\/","name":"Educamos","description":"La escuela de hoy","potentialAction":[{"@type":"SearchAction","target":{"@type":"EntryPoint","urlTemplate":"https:\/\/educamos.com\/ca\/?s={search_term_string}"},"query-input":{"@type":"PropertyValueSpecification","valueRequired":true,"valueName":"search_term_string"}}],"inLanguage":"ca"},{"@type":"Person","@id":"https:\/\/educamos.com\/ca\/#\/schema\/person\/2dd4a09117ae4187e2a63dbf38a94156","name":"Santiago"}]}},"_links":{"self":[{"href":"https:\/\/educamos.com\/ca\/wp-json\/wp\/v2\/posts\/21523","targetHints":{"allow":["GET"]}}],"collection":[{"href":"https:\/\/educamos.com\/ca\/wp-json\/wp\/v2\/posts"}],"about":[{"href":"https:\/\/educamos.com\/ca\/wp-json\/wp\/v2\/types\/post"}],"author":[{"embeddable":true,"href":"https:\/\/educamos.com\/ca\/wp-json\/wp\/v2\/users\/3"}],"replies":[{"embeddable":true,"href":"https:\/\/educamos.com\/ca\/wp-json\/wp\/v2\/comments?post=21523"}],"version-history":[{"count":16,"href":"https:\/\/educamos.com\/ca\/wp-json\/wp\/v2\/posts\/21523\/revisions"}],"predecessor-version":[{"id":24286,"href":"https:\/\/educamos.com\/ca\/wp-json\/wp\/v2\/posts\/21523\/revisions\/24286"}],"wp:featuredmedia":[{"embeddable":true,"href":"https:\/\/educamos.com\/ca\/wp-json\/wp\/v2\/media\/21525"}],"wp:attachment":[{"href":"https:\/\/educamos.com\/ca\/wp-json\/wp\/v2\/media?parent=21523"}],"wp:term":[{"taxonomy":"category","embeddable":true,"href":"https:\/\/educamos.com\/ca\/wp-json\/wp\/v2\/categories?post=21523"},{"taxonomy":"post_tag","embeddable":true,"href":"https:\/\/educamos.com\/ca\/wp-json\/wp\/v2\/tags?post=21523"}],"curies":[{"name":"wp","href":"https:\/\/api.w.org\/{rel}","templated":true}]}}